{"id":2782,"date":"2019-05-02T10:47:56","date_gmt":"2019-05-02T08:47:56","guid":{"rendered":"http:\/\/www.usdivonne.com\/?p=2782"},"modified":"2019-05-02T10:54:03","modified_gmt":"2019-05-02T08:54:03","slug":"pas-de-repos-le-1er-mai-pour-nos-u13-et-u11","status":"publish","type":"post","link":"https:\/\/www.usdivonne.com\/index.php\/2019\/05\/02\/pas-de-repos-le-1er-mai-pour-nos-u13-et-u11\/","title":{"rendered":"Pas de repos le 1er Mai pour nos U13 et U11"},"content":{"rendered":"<p>Deux \u00e9quipes de l<strong>&lsquo;US Divonne<\/strong> ont fait le d\u00e9placement \u00e0 Annemasse pour participer au Tournoi Pierre LACHENA. Merci \u00e0 nos \u00e9ducateurs, Hugo et Remy, pour l&rsquo;encadrement.<\/p>\n<p><a href=\"http:\/\/www.usdivonne.com\/index.php\/2010-2019\/\">http:\/\/www.usdivonne.com\/index.php\/2010-2019\/ <\/a><\/p>\n<p><img loading=\"lazy\" decoding=\"async\" class=\"aligncenter wp-image-2780 size-large\" src=\"http:\/\/www.usdivonne.com\/wp-content\/uploads\/2019\/05\/2019-04-U13-1024x683.jpg\" alt=\"\" width=\"620\" height=\"414\" srcset=\"https:\/\/www.usdivonne.com\/wp-content\/uploads\/2019\/05\/2019-04-U13-1024x683.jpg 1024w, https:\/\/www.usdivonne.com\/wp-content\/uploads\/2019\/05\/2019-04-U13-300x200.jpg 300w, https:\/\/www.usdivonne.com\/wp-content\/uploads\/2019\/05\/2019-04-U13-768x512.jpg 768w, https:\/\/www.usdivonne.com\/wp-content\/uploads\/2019\/05\/2019-04-U13.jpg 2048w\" sizes=\"auto, (max-width: 620px) 100vw, 620px\" \/><\/p>\n<p><img loading=\"lazy\" decoding=\"async\" class=\"aligncenter wp-image-2779 size-large\" src=\"http:\/\/www.usdivonne.com\/wp-content\/uploads\/2019\/05\/2019-04-U11-1024x683.jpg\" alt=\"\" width=\"620\" height=\"414\" srcset=\"https:\/\/www.usdivonne.com\/wp-content\/uploads\/2019\/05\/2019-04-U11-1024x683.jpg 1024w, https:\/\/www.usdivonne.com\/wp-content\/uploads\/2019\/05\/2019-04-U11-300x200.jpg 300w, https:\/\/www.usdivonne.com\/wp-content\/uploads\/2019\/05\/2019-04-U11-768x512.jpg 768w, https:\/\/www.usdivonne.com\/wp-content\/uploads\/2019\/05\/2019-04-U11.jpg 2048w\" sizes=\"auto, (max-width: 620px) 100vw, 620px\" \/><\/p>\n","protected":false},"excerpt":{"rendered":"<p>Deux \u00e9quipes de l&lsquo;US Divonne ont fait le d\u00e9placement \u00e0 Annemasse pour participer au Tournoi Pierre LACHENA. Merci \u00e0 nos \u00e9ducateurs, Hugo et Remy, pour l&rsquo;encadrement. http:\/\/www.usdivonne.com\/index.php\/2010-2019\/<\/p>\n","protected":false},"author":33,"featured_media":0,"comment_status":"open","ping_status":"open","sticky":true,"template":"","format":"standard","meta":{"footnotes":""},"categories":[65],"tags":[],"class_list":["post-2782","post","type-post","status-publish","format-standard","hentry","category-actualites"],"_links":{"self":[{"href":"https:\/\/www.usdivonne.com\/index.php\/wp-json\/wp\/v2\/posts\/2782","targetHints":{"allow":["GET"]}}],"collection":[{"href":"https:\/\/www.usdivonne.com\/index.php\/wp-json\/wp\/v2\/posts"}],"about":[{"href":"https:\/\/www.usdivonne.com\/index.php\/wp-json\/wp\/v2\/types\/post"}],"author":[{"embeddable":true,"href":"https:\/\/www.usdivonne.com\/index.php\/wp-json\/wp\/v2\/users\/33"}],"replies":[{"embeddable":true,"href":"https:\/\/www.usdivonne.com\/index.php\/wp-json\/wp\/v2\/comments?post=2782"}],"version-history":[{"count":2,"href":"https:\/\/www.usdivonne.com\/index.php\/wp-json\/wp\/v2\/posts\/2782\/revisions"}],"predecessor-version":[{"id":2784,"href":"https:\/\/www.usdivonne.com\/index.php\/wp-json\/wp\/v2\/posts\/2782\/revisions\/2784"}],"wp:attachment":[{"href":"https:\/\/www.usdivonne.com\/index.php\/wp-json\/wp\/v2\/media?parent=2782"}],"wp:term":[{"taxonomy":"category","embeddable":true,"href":"https:\/\/www.usdivonne.com\/index.php\/wp-json\/wp\/v2\/categories?post=2782"},{"taxonomy":"post_tag","embeddable":true,"href":"https:\/\/www.usdivonne.com\/index.php\/wp-json\/wp\/v2\/tags?post=2782"}],"curies":[{"name":"wp","href":"https:\/\/api.w.org\/{rel}","templated":true}]}}