{"id":3191,"date":"2019-07-03T17:19:19","date_gmt":"2019-07-03T15:19:19","guid":{"rendered":"http:\/\/www.usdivonne.com\/?p=3191"},"modified":"2019-07-10T10:24:03","modified_gmt":"2019-07-10T08:24:03","slug":"tournoi-u13-a-espocende-portugal","status":"publish","type":"post","link":"https:\/\/www.usdivonne.com\/index.php\/2019\/07\/03\/tournoi-u13-a-espocende-portugal\/","title":{"rendered":"TOURNOI U13 A ESPOSENDE (PORTUGAL)"},"content":{"rendered":"<p><img loading=\"lazy\" decoding=\"async\" class=\"size-medium wp-image-3190 alignleft\" src=\"http:\/\/www.usdivonne.com\/wp-content\/uploads\/2019\/07\/depart-300x225.jpg\" alt=\"\" width=\"300\" height=\"225\" srcset=\"https:\/\/www.usdivonne.com\/wp-content\/uploads\/2019\/07\/depart-300x225.jpg 300w, https:\/\/www.usdivonne.com\/wp-content\/uploads\/2019\/07\/depart-768x576.jpg 768w, https:\/\/www.usdivonne.com\/wp-content\/uploads\/2019\/07\/depart-1024x768.jpg 1024w\" sizes=\"auto, (max-width: 300px) 100vw, 300px\" \/>Nos U13 participent cette ann\u00e9e \u00e0 l&rsquo;Esposende Cup au Portugal, \u00e0 Esposende, 50 kms au nord de Porto, du 4 au 7 juillet 2019, gr\u00e2ce \u00e0 Ana et Joao qui se sont occup\u00e9s en compagnie des \u00e9ducateurs Philippe, R\u00e9mi, Hugo et Brahim, de l&rsquo;organisation du d\u00e9placement. Le d\u00e9part de Cointrin est pr\u00e9vu mercredi 3 juillet \u00e0 17 heures. Voici nos joueurs devant le stade avant le d\u00e9part, puis lors de la photo officielle, d\u00e8s leur arriv\u00e9e.<\/p>\n<p>&nbsp;<\/p>\n<p>Le premier match est fix\u00e9 jeudi et opposera Divonne \u00e0 Benfica Chaf\u00e9.<\/p>\n<p><img loading=\"lazy\" decoding=\"async\" class=\"alignnone size-medium wp-image-3195\" src=\"http:\/\/www.usdivonne.com\/wp-content\/uploads\/2019\/07\/66234232_2215452531898373_3565625022426906624_o-300x225.jpg\" alt=\"\" width=\"300\" height=\"225\" srcset=\"https:\/\/www.usdivonne.com\/wp-content\/uploads\/2019\/07\/66234232_2215452531898373_3565625022426906624_o-300x225.jpg 300w, https:\/\/www.usdivonne.com\/wp-content\/uploads\/2019\/07\/66234232_2215452531898373_3565625022426906624_o-768x576.jpg 768w, https:\/\/www.usdivonne.com\/wp-content\/uploads\/2019\/07\/66234232_2215452531898373_3565625022426906624_o-1024x768.jpg 1024w, https:\/\/www.usdivonne.com\/wp-content\/uploads\/2019\/07\/66234232_2215452531898373_3565625022426906624_o.jpg 1920w\" sizes=\"auto, (max-width: 300px) 100vw, 300px\" \/><\/p>\n","protected":false},"excerpt":{"rendered":"<p>Nos U13 participent cette ann\u00e9e \u00e0 l&rsquo;Esposende Cup au Portugal, \u00e0 Esposende, 50 kms au nord de Porto, du 4 au 7 juillet 2019, gr\u00e2ce \u00e0 Ana et Joao qui se sont occup\u00e9s en compagnie des \u00e9ducateurs Philippe, R\u00e9mi, Hugo et Brahim, de l&rsquo;organisation du d\u00e9placement. Le d\u00e9part de Cointrin est pr\u00e9vu mercredi 3 juillet [&hellip;]<\/p>\n","protected":false},"author":16,"featured_media":0,"comment_status":"open","ping_status":"open","sticky":true,"template":"","format":"standard","meta":{"footnotes":""},"categories":[65],"tags":[],"class_list":["post-3191","post","type-post","status-publish","format-standard","hentry","category-actualites"],"_links":{"self":[{"href":"https:\/\/www.usdivonne.com\/index.php\/wp-json\/wp\/v2\/posts\/3191","targetHints":{"allow":["GET"]}}],"collection":[{"href":"https:\/\/www.usdivonne.com\/index.php\/wp-json\/wp\/v2\/posts"}],"about":[{"href":"https:\/\/www.usdivonne.com\/index.php\/wp-json\/wp\/v2\/types\/post"}],"author":[{"embeddable":true,"href":"https:\/\/www.usdivonne.com\/index.php\/wp-json\/wp\/v2\/users\/16"}],"replies":[{"embeddable":true,"href":"https:\/\/www.usdivonne.com\/index.php\/wp-json\/wp\/v2\/comments?post=3191"}],"version-history":[{"count":9,"href":"https:\/\/www.usdivonne.com\/index.php\/wp-json\/wp\/v2\/posts\/3191\/revisions"}],"predecessor-version":[{"id":3227,"href":"https:\/\/www.usdivonne.com\/index.php\/wp-json\/wp\/v2\/posts\/3191\/revisions\/3227"}],"wp:attachment":[{"href":"https:\/\/www.usdivonne.com\/index.php\/wp-json\/wp\/v2\/media?parent=3191"}],"wp:term":[{"taxonomy":"category","embeddable":true,"href":"https:\/\/www.usdivonne.com\/index.php\/wp-json\/wp\/v2\/categories?post=3191"},{"taxonomy":"post_tag","embeddable":true,"href":"https:\/\/www.usdivonne.com\/index.php\/wp-json\/wp\/v2\/tags?post=3191"}],"curies":[{"name":"wp","href":"https:\/\/api.w.org\/{rel}","templated":true}]}}