{"id":3293,"date":"2019-07-28T08:22:42","date_gmt":"2019-07-28T06:22:42","guid":{"rendered":"http:\/\/www.usdivonne.com\/?p=3293"},"modified":"2019-07-30T08:02:33","modified_gmt":"2019-07-30T06:02:33","slug":"seniors-cest-la-reprise","status":"publish","type":"post","link":"https:\/\/www.usdivonne.com\/index.php\/2019\/07\/28\/seniors-cest-la-reprise\/","title":{"rendered":"SENIORS : C&rsquo;EST LA REPRISE !"},"content":{"rendered":"<p>&nbsp;<\/p>\n<p>Les S\u00e9niors de l&rsquo;USD ont repris ce lundi 29 juillet le chemin du stade afin de pr\u00e9parer au mieux la nouvelle saison, dont le coup d&rsquo;envoi officiel se fera le dimanche 25 ao\u00fbt, \u00e0 Seyssel, avec le 1er tour de la Coupe de France, face \u00e0\u00a0l&rsquo;\u00e9quipe de HAUT RHONE. Pour ce premier contact, malgr\u00e9 les vacances, ils \u00e9taient 32 \u00e0 \u00eatre pr\u00e9sents ! De bon augure pour la suite.<\/p>\n<p>D&rsquo;ici la reprise officielle, les entra\u00eenements se feront tous les lundi, mercredi et vendredi, d\u00e8s 19 h 30, au complexe sportif, sous la houlette de Philippe IMBERT, Jacky SPILLER et David XAYAVONG pour les S\u00e9niors 1 et de Christophe VAUTHIER, Andrew COLEMAN et Paolo LABELLA pour les S\u00e9niors 2.<\/p>\n<p>Plusieurs matchs amicaux sont pr\u00e9vus :\u00a0vendredi 16 ao\u00fbt \u00e0 20 h \u00e0 AMANCY (R3) &#8211; mercredi 21 ao\u00fbt \u00e0 PRINGY (R3) &#8211; mercredi 28 ao\u00fbt \u00e0 20 h \u00e0 CULOZ (D1).<\/p>\n<p>Un mini stage de coh\u00e9sion aura lieu le samedi 24 ao\u00fbt avant le match de coupe de France \u00e0 Seyssel.<\/p>\n<p>En cas de victoire lors de ce 1er tour de coupe, les Divonnais recevraient le 1er septembre, le vainqueur du match FERNEY &#8211; SAINT-GENIS.<\/p>\n<p>En cas d&rsquo;\u00e9limination \u00e0 Seyssel, les jaunes recevraient en match amical BORDS-DE-L&rsquo;AIN (R3) le 1er septembre.<\/p>\n<p>Puis, d\u00e8s le dimanche 8 septembre, place au championnat, avec, nous l&rsquo;esp\u00e9rons, une belle carte \u00e0 jouer pour nos deux \u00e9quipes s\u00e9niors.<\/p>\n<p>Bonne saison \u00e0 tous.<\/p>\n<p>&nbsp;<\/p>\n","protected":false},"excerpt":{"rendered":"<p>&nbsp; Les S\u00e9niors de l&rsquo;USD ont repris ce lundi 29 juillet le chemin du stade afin de pr\u00e9parer au mieux la nouvelle saison, dont le coup d&rsquo;envoi officiel se fera le dimanche 25 ao\u00fbt, \u00e0 Seyssel, avec le 1er tour de la Coupe de France, face \u00e0\u00a0l&rsquo;\u00e9quipe de HAUT RHONE. Pour ce premier contact, malgr\u00e9 [&hellip;]<\/p>\n","protected":false},"author":16,"featured_media":0,"comment_status":"open","ping_status":"open","sticky":true,"template":"","format":"standard","meta":{"footnotes":""},"categories":[65],"tags":[],"class_list":["post-3293","post","type-post","status-publish","format-standard","hentry","category-actualites"],"_links":{"self":[{"href":"https:\/\/www.usdivonne.com\/index.php\/wp-json\/wp\/v2\/posts\/3293","targetHints":{"allow":["GET"]}}],"collection":[{"href":"https:\/\/www.usdivonne.com\/index.php\/wp-json\/wp\/v2\/posts"}],"about":[{"href":"https:\/\/www.usdivonne.com\/index.php\/wp-json\/wp\/v2\/types\/post"}],"author":[{"embeddable":true,"href":"https:\/\/www.usdivonne.com\/index.php\/wp-json\/wp\/v2\/users\/16"}],"replies":[{"embeddable":true,"href":"https:\/\/www.usdivonne.com\/index.php\/wp-json\/wp\/v2\/comments?post=3293"}],"version-history":[{"count":5,"href":"https:\/\/www.usdivonne.com\/index.php\/wp-json\/wp\/v2\/posts\/3293\/revisions"}],"predecessor-version":[{"id":3298,"href":"https:\/\/www.usdivonne.com\/index.php\/wp-json\/wp\/v2\/posts\/3293\/revisions\/3298"}],"wp:attachment":[{"href":"https:\/\/www.usdivonne.com\/index.php\/wp-json\/wp\/v2\/media?parent=3293"}],"wp:term":[{"taxonomy":"category","embeddable":true,"href":"https:\/\/www.usdivonne.com\/index.php\/wp-json\/wp\/v2\/categories?post=3293"},{"taxonomy":"post_tag","embeddable":true,"href":"https:\/\/www.usdivonne.com\/index.php\/wp-json\/wp\/v2\/tags?post=3293"}],"curies":[{"name":"wp","href":"https:\/\/api.w.org\/{rel}","templated":true}]}}