{"id":3816,"date":"2020-03-13T09:19:47","date_gmt":"2020-03-13T08:19:47","guid":{"rendered":"http:\/\/www.usdivonne.com\/?p=3816"},"modified":"2020-03-13T09:19:48","modified_gmt":"2020-03-13T08:19:48","slug":"la-fff-suspend-lensemble-de-ses-competitions","status":"publish","type":"post","link":"https:\/\/www.usdivonne.com\/index.php\/2020\/03\/13\/la-fff-suspend-lensemble-de-ses-competitions\/","title":{"rendered":"LA FFF SUSPEND L\u2019ENSEMBLE DE SES COMP\u00c9TITIONS"},"content":{"rendered":"<div class=\"introduction\">\n<p>D\u00e9claration de No\u00ebl Le Gra\u00ebt, pr\u00e9sident de la FFF, \u00e0 la suite des annonces du Pr\u00e9sident de la R\u00e9publique, ce jeudi 12 mars.<\/p>\n<\/div>\n<p>\u00ab\u00a0Les annonces du Pr\u00e9sident de la R\u00e9publique conduisent la F\u00e9d\u00e9ration Fran\u00e7aise de Football \u00e0 prendre ses responsabilit\u00e9s pour contribuer sans ambigu\u00eft\u00e9 \u00e0 endiguer la crise sanitaire qui frappe notre pays. En cons\u00e9quence, je souhaite annoncer d\u00e8s ce soir la suspension de l\u2019ensemble des activit\u00e9s et comp\u00e9titions g\u00e9r\u00e9es par la F\u00e9d\u00e9ration, ses ligues et ses districts, sur l&rsquo;ensemble du territoire. Ainsi, tous les championnats amateurs f\u00e9minins et masculins, de toutes les cat\u00e9gories d\u2019\u00e2ge, les divers tournois et rassemblements, les entra\u00eenements et l\u2019activit\u00e9 des \u00e9coles de football sont interrompus \u00e0 compter de demain vendredi 13 mars, et jusqu&rsquo;\u00e0 nouvel ordre. Ils reprendront d\u00e8s que les conditions sanitaires le permettront.\u00a0\u00bb<\/p>\n","protected":false},"excerpt":{"rendered":"<p>D\u00e9claration de No\u00ebl Le Gra\u00ebt, pr\u00e9sident de la FFF, \u00e0 la suite des annonces du Pr\u00e9sident de la R\u00e9publique, ce jeudi 12 mars. \u00ab\u00a0Les annonces du Pr\u00e9sident de la R\u00e9publique conduisent la F\u00e9d\u00e9ration Fran\u00e7aise de Football \u00e0 prendre ses responsabilit\u00e9s pour contribuer sans ambigu\u00eft\u00e9 \u00e0 endiguer la crise sanitaire qui frappe notre pays. En cons\u00e9quence, [&hellip;]<\/p>\n","protected":false},"author":33,"featured_media":0,"comment_status":"open","ping_status":"open","sticky":true,"template":"","format":"standard","meta":{"footnotes":""},"categories":[65],"tags":[],"class_list":["post-3816","post","type-post","status-publish","format-standard","hentry","category-actualites"],"_links":{"self":[{"href":"https:\/\/www.usdivonne.com\/index.php\/wp-json\/wp\/v2\/posts\/3816","targetHints":{"allow":["GET"]}}],"collection":[{"href":"https:\/\/www.usdivonne.com\/index.php\/wp-json\/wp\/v2\/posts"}],"about":[{"href":"https:\/\/www.usdivonne.com\/index.php\/wp-json\/wp\/v2\/types\/post"}],"author":[{"embeddable":true,"href":"https:\/\/www.usdivonne.com\/index.php\/wp-json\/wp\/v2\/users\/33"}],"replies":[{"embeddable":true,"href":"https:\/\/www.usdivonne.com\/index.php\/wp-json\/wp\/v2\/comments?post=3816"}],"version-history":[{"count":1,"href":"https:\/\/www.usdivonne.com\/index.php\/wp-json\/wp\/v2\/posts\/3816\/revisions"}],"predecessor-version":[{"id":3817,"href":"https:\/\/www.usdivonne.com\/index.php\/wp-json\/wp\/v2\/posts\/3816\/revisions\/3817"}],"wp:attachment":[{"href":"https:\/\/www.usdivonne.com\/index.php\/wp-json\/wp\/v2\/media?parent=3816"}],"wp:term":[{"taxonomy":"category","embeddable":true,"href":"https:\/\/www.usdivonne.com\/index.php\/wp-json\/wp\/v2\/categories?post=3816"},{"taxonomy":"post_tag","embeddable":true,"href":"https:\/\/www.usdivonne.com\/index.php\/wp-json\/wp\/v2\/tags?post=3816"}],"curies":[{"name":"wp","href":"https:\/\/api.w.org\/{rel}","templated":true}]}}