{"id":3907,"date":"2020-06-03T18:07:53","date_gmt":"2020-06-03T16:07:53","guid":{"rendered":"https:\/\/www.usdivonne.com\/?p=3907"},"modified":"2020-06-08T13:46:59","modified_gmt":"2020-06-08T11:46:59","slug":"breves-de-terrains","status":"publish","type":"post","link":"https:\/\/www.usdivonne.com\/index.php\/2020\/06\/03\/breves-de-terrains\/","title":{"rendered":"Br\u00e8ves de terrains !!!!!!!!!!"},"content":{"rendered":"<p>&nbsp;<\/p>\n<p>Le Comit\u00e9 Directeur de l&rsquo;USD, qui n&rsquo;est pas rest\u00e9 inactif, loin de l\u00e0, pendant cette p\u00e9riode de confinement, tient \u00e0 faire quelques annonces int\u00e9ressantes pour le Club.<\/p>\n<p>Tout d&rsquo;abord, il annonce l&rsquo;engagement, au sein de l&rsquo;USD, avec un CDI, de R\u00e9mi TISSOT, qui aidera Philippe IMBERT et sera en charge des \u00e9quipes du Foot Animation (U6 \u00e0 U13). Il coatchera \u00e9galement l&rsquo;\u00e9quipe s\u00e9niors 2 avec Christophe VAULTIER.<\/p>\n<p>De plus, Saliou NGOM, l&rsquo;avant-centre de l&rsquo;\u00e9quipe 1, qui a trouv\u00e9 un travail \u00e0 50%, viendra les assister dans leur t\u00e2che d&rsquo;\u00e9ducateurs aupr\u00e8s des plus petits, surtout le mercredi et le samedi. Il en sera de m\u00eame avec Thomas CHASTEL et Hugo BOISSEAUX, qui en plus de leur r\u00f4le de joueurs S\u00e9niors 1, auront la responsabilit\u00e9, respectivement, des U17 et des U15. Voil\u00e0 des recrues int\u00e9ressantes pour accompagner les \u00e9ducateurs d\u00e9j\u00e0 en place et surtout pour nos formations de jeunes \u00e0 11.<\/p>\n<p>Le Comit\u00e9 Directeur a \u00e9galement d\u00e9cid\u00e9 de faire l&rsquo;acquisition d&rsquo;un second minibus pour faciliter les d\u00e9placements de toutes ses formations.<\/p>\n<p>&nbsp;<\/p>\n<p><strong><span style=\"text-decoration: underline;\">Stages d&rsquo;\u00e9quipes professionnelles<\/span><\/strong> :<\/p>\n<p>D&rsquo;apr\u00e8s les derni\u00e8res informations, il semblerait que l&rsquo;OGC NICE serait int\u00e9ress\u00e9e \u00e0 venir \u00e0 Divonne du 4 au 12 juillet, alors que l&rsquo;AS SAINT-ETIENNE aimerait profiter de nos installations d\u00e8s le 25 juin, de m\u00eame que le Racing STRASBOURG qui voudrait venir du 22 au 28 juillet, ainsi qu&rsquo;une formation allemande au mois d&rsquo;ao\u00fbt.<\/p>\n<p>Tout cela est \u00e9videmment \u00e0 confirmer, et surtout soumis aux autorisations gouvernementales, municipales, notamment sanitaires, disponibilit\u00e9s des h\u00f4tels, dates de reprises des championnats de Ligue 1, etc.\u2026..<\/p>\n<p>A suivre, donc.<\/p>\n<p><span style=\"text-decoration: underline;\"><strong>Reprise des comp\u00e9titions<\/strong><\/span> <strong>:<\/strong><\/p>\n<p>La Ligue devrait ent\u00e9riner cette semaine les propositions de reprise des comp\u00e9titions propos\u00e9es par le Conseil Directeur ce samedi 6 juin, \u00e0 savoir, 1er tour de la Coupe de France le 6 septembre, 2\u00e8me tour le 13 septembre, 3\u00e8me tour, obligation de la FFF, le 20 septembre. De ce fait le championnat de R3 reprendrait le 27 septembre. Il devrait en \u00eatre de m\u00eame pour les Districts. Attendons &#8230;&#8230;&#8230;<\/p>\n<p>&nbsp;<\/p>\n<p>&nbsp;<\/p>\n<p>&nbsp;<\/p>\n<p>&nbsp;<\/p>\n","protected":false},"excerpt":{"rendered":"<p>&nbsp; Le Comit\u00e9 Directeur de l&rsquo;USD, qui n&rsquo;est pas rest\u00e9 inactif, loin de l\u00e0, pendant cette p\u00e9riode de confinement, tient \u00e0 faire quelques annonces int\u00e9ressantes pour le Club. Tout d&rsquo;abord, il annonce l&rsquo;engagement, au sein de l&rsquo;USD, avec un CDI, de R\u00e9mi TISSOT, qui aidera Philippe IMBERT et sera en charge des \u00e9quipes du Foot [&hellip;]<\/p>\n","protected":false},"author":16,"featured_media":0,"comment_status":"open","ping_status":"open","sticky":true,"template":"","format":"standard","meta":{"footnotes":""},"categories":[65],"tags":[],"class_list":["post-3907","post","type-post","status-publish","format-standard","hentry","category-actualites"],"_links":{"self":[{"href":"https:\/\/www.usdivonne.com\/index.php\/wp-json\/wp\/v2\/posts\/3907","targetHints":{"allow":["GET"]}}],"collection":[{"href":"https:\/\/www.usdivonne.com\/index.php\/wp-json\/wp\/v2\/posts"}],"about":[{"href":"https:\/\/www.usdivonne.com\/index.php\/wp-json\/wp\/v2\/types\/post"}],"author":[{"embeddable":true,"href":"https:\/\/www.usdivonne.com\/index.php\/wp-json\/wp\/v2\/users\/16"}],"replies":[{"embeddable":true,"href":"https:\/\/www.usdivonne.com\/index.php\/wp-json\/wp\/v2\/comments?post=3907"}],"version-history":[{"count":9,"href":"https:\/\/www.usdivonne.com\/index.php\/wp-json\/wp\/v2\/posts\/3907\/revisions"}],"predecessor-version":[{"id":3931,"href":"https:\/\/www.usdivonne.com\/index.php\/wp-json\/wp\/v2\/posts\/3907\/revisions\/3931"}],"wp:attachment":[{"href":"https:\/\/www.usdivonne.com\/index.php\/wp-json\/wp\/v2\/media?parent=3907"}],"wp:term":[{"taxonomy":"category","embeddable":true,"href":"https:\/\/www.usdivonne.com\/index.php\/wp-json\/wp\/v2\/categories?post=3907"},{"taxonomy":"post_tag","embeddable":true,"href":"https:\/\/www.usdivonne.com\/index.php\/wp-json\/wp\/v2\/tags?post=3907"}],"curies":[{"name":"wp","href":"https:\/\/api.w.org\/{rel}","templated":true}]}}