{"id":4685,"date":"2021-08-16T18:13:18","date_gmt":"2021-08-16T16:13:18","guid":{"rendered":"https:\/\/www.usdivonne.com\/?p=4685"},"modified":"2021-09-08T13:33:48","modified_gmt":"2021-09-08T11:33:48","slug":"reprise-des-entrainements-pour-les-jeunes","status":"publish","type":"post","link":"https:\/\/www.usdivonne.com\/index.php\/2021\/08\/16\/reprise-des-entrainements-pour-les-jeunes\/","title":{"rendered":"REPRISE POUR LES JEUNES DE L&rsquo;USD"},"content":{"rendered":"<p>&nbsp;<\/p>\n<p style=\"text-align: center;\"><em><span style=\"text-decoration: underline; color: #0000ff;\"><strong>NOUVELLES PERMANENCES POUR LES INSCRIPTIONS :<\/strong><\/span><\/em><\/p>\n<p style=\"text-align: center;\"><em><strong><span style=\"color: #0000ff;\">Samedis 21 et 28 ao\u00fbt 2021 de 9h \u00e0 12h30 au Club house<\/span><\/strong><\/em><\/p>\n<p>&nbsp;<\/p>\n<p><span style=\"color: #ff0000;\"><strong><span style=\"text-decoration: underline;\">CALENDRIER DES REPRISES DES ACTIVITES<\/span> :<\/strong><\/span><\/p>\n<p><strong><u>Football d\u2019Animation<\/u><\/strong><strong>\u00a0<\/strong><\/p>\n<h3>LES\u00a0 U 6 &#8211; U 7 :\u00a0 gar\u00e7ons et filles n\u00e9s\u00a0 en\u00a0 2015 et 2016<\/h3>\n<p>A partir du Mercredi\u00a0 01\u00a0 SEPTEMBRE 2021 au COMPLEXE SPORTIF<\/p>\n<h1>Tous\u00a0 les\u00a0 Mercredis\u00a0 de\u00a0 10h00\u00a0 \u00e0\u00a0 11h30<\/h1>\n<p><strong>Jour de match\u00a0: le samedi matin \u00e0 10h00<\/strong><\/p>\n<p><strong>\u00a0<\/strong><\/p>\n<h3>LES\u00a0 U 8 &#8211; U 9 :\u00a0 gar\u00e7ons et filles n\u00e9s\u00a0 en \u00a02013 et 2014<\/h3>\n<p>A partir du Mercredi\u00a0 01 \u00a0SEPTEMBRE 2021\u00a0 au COMPLEXE SPORTIF<\/p>\n<h1>Tous \u00a0les \u00a0Mercredis\u00a0 de\u00a0 14h30\u00a0 \u00e0\u00a0 16h00<\/h1>\n<p><strong>Jour de match\u00a0: le samedi matin \u00e0 10h00<\/strong><\/p>\n<p><strong>\u00a0<\/strong><\/p>\n<h4>LES\u00a0 U 10 &#8211; U 11\u00a0: \u00a0gar\u00e7ons et filles n\u00e9s\u00a0 en\u00a0 2011 et 2012<\/h4>\n<p>A partir du\u00a0 Jeudi \u00a026 \u00a0AOUT 2021 au COMPLEXE SPORTIF<\/p>\n<h1>Tous\u00a0 les \u00a0Mardis \u00a0et\u00a0 Jeudis \u00a0de\u00a0 18h00\u00a0 \u00e0\u00a0 19h30<strong>\u00a0<\/strong><\/h1>\n<p><strong>\u00a0<\/strong><\/p>\n<p><strong><u>Pr\u00e9formation et formation<\/u><\/strong><strong>\u00a0<\/strong><\/p>\n<h4>LES\u00a0 U 13\u00a0:\u00a0 gar\u00e7ons et filles n\u00e9s\u00a0 en\u00a0 2009 \u00a0et\u00a0 2010<\/h4>\n<p>A partir du \u00a0Mardi 24 AOUT 2021 \u00a0\u00e0 \u00a017h45\u00a0 au\u00a0 COMPLEXE SPORTIF<\/p>\n<p>Tous \u00a0les\u00a0 Lundis \u00a0et \u00a0Jeudis\u00a0 de\u00a0 18h00\u00a0 \u00e0\u00a0 19h30<\/p>\n<p><strong>Jour de match\u00a0: le samedi apr\u00e8s-midi \u00e0 14h00<\/strong><\/p>\n<p><strong>\u00a0<\/strong><\/p>\n<h4>LES\u00a0 U 15\u00a0:\u00a0 n\u00e9s\u00a0 en\u00a0 2007\u00a0 et\u00a0 2008<\/h4>\n<p>A partir du\u00a0 Mercredi 18 AOUT 2021 \u00a0\u00e0 17h45\u00a0 au\u00a0 COMPLEXE SPORTIF<\/p>\n<p>Tous les\u00a0 Mercredis \u00a0et\u00a0 Vendredis\u00a0 de \u00a018h00\u00a0 \u00e0\u00a0 19h30<\/p>\n<p><strong>Jour de match\u00a0: le dimanche \u00e0 10h00 <\/strong><\/p>\n<p><strong>\u00a0<\/strong><\/p>\n<h4>LES\u00a0 U 17\u00a0:\u00a0 n\u00e9s\u00a0 en\u00a0 2005 \u00a0et\u00a0 2006<\/h4>\n<p>A partir du\u00a0 Mercredi 18 AOUT 2021 \u00a0\u00e0 19h00\u00a0 au\u00a0 COMPLEXE SPORTIF<\/p>\n<p>Tous les\u00a0 Mardis et Jeudis\u00a0 de\u00a0 19h00\u00a0 \u00e0\u00a0 20h30<\/p>\n<p><strong>Jour de match : le samedi apr\u00e8s-midi \u00e0 16h00<\/strong><strong>\u00a0<\/strong><\/p>\n<p><strong>\u00a0<\/strong><\/p>\n<p><strong><u>Pour tous renseignements, vous pouvez contacter Philippe ou J\u00e9r\u00e9mie \u00e0 l&rsquo;US DIVONNE<\/u><\/strong><strong>\u00a0: <\/strong><\/p>\n<p><strong>Par t\u00e9l\u00e9phone : 04.50.99.14.79 ou 06.66.16.24.48<\/strong><\/p>\n<p><strong>Par mail : usdfoot@gmail.com<\/strong><\/p>\n<p><strong>Site Internet : www.usdivonne.com<\/strong><\/p>\n","protected":false},"excerpt":{"rendered":"<p>&nbsp; NOUVELLES PERMANENCES POUR LES INSCRIPTIONS : Samedis 21 et 28 ao\u00fbt 2021 de 9h \u00e0 12h30 au Club house &nbsp; CALENDRIER DES REPRISES DES ACTIVITES : Football d\u2019Animation\u00a0 LES\u00a0 U 6 &#8211; U 7 :\u00a0 gar\u00e7ons et filles n\u00e9s\u00a0 en\u00a0 2015 et 2016 A partir du Mercredi\u00a0 01\u00a0 SEPTEMBRE 2021 au COMPLEXE SPORTIF Tous\u00a0 [&hellip;]<\/p>\n","protected":false},"author":16,"featured_media":0,"comment_status":"open","ping_status":"open","sticky":true,"template":"","format":"standard","meta":{"footnotes":""},"categories":[65],"tags":[],"class_list":["post-4685","post","type-post","status-publish","format-standard","hentry","category-actualites"],"_links":{"self":[{"href":"https:\/\/www.usdivonne.com\/index.php\/wp-json\/wp\/v2\/posts\/4685","targetHints":{"allow":["GET"]}}],"collection":[{"href":"https:\/\/www.usdivonne.com\/index.php\/wp-json\/wp\/v2\/posts"}],"about":[{"href":"https:\/\/www.usdivonne.com\/index.php\/wp-json\/wp\/v2\/types\/post"}],"author":[{"embeddable":true,"href":"https:\/\/www.usdivonne.com\/index.php\/wp-json\/wp\/v2\/users\/16"}],"replies":[{"embeddable":true,"href":"https:\/\/www.usdivonne.com\/index.php\/wp-json\/wp\/v2\/comments?post=4685"}],"version-history":[{"count":9,"href":"https:\/\/www.usdivonne.com\/index.php\/wp-json\/wp\/v2\/posts\/4685\/revisions"}],"predecessor-version":[{"id":4706,"href":"https:\/\/www.usdivonne.com\/index.php\/wp-json\/wp\/v2\/posts\/4685\/revisions\/4706"}],"wp:attachment":[{"href":"https:\/\/www.usdivonne.com\/index.php\/wp-json\/wp\/v2\/media?parent=4685"}],"wp:term":[{"taxonomy":"category","embeddable":true,"href":"https:\/\/www.usdivonne.com\/index.php\/wp-json\/wp\/v2\/categories?post=4685"},{"taxonomy":"post_tag","embeddable":true,"href":"https:\/\/www.usdivonne.com\/index.php\/wp-json\/wp\/v2\/tags?post=4685"}],"curies":[{"name":"wp","href":"https:\/\/api.w.org\/{rel}","templated":true}]}}