{"id":5294,"date":"2022-07-04T13:32:48","date_gmt":"2022-07-04T11:32:48","guid":{"rendered":"https:\/\/www.usdivonne.com\/?p=5294"},"modified":"2022-07-08T07:55:14","modified_gmt":"2022-07-08T05:55:14","slug":"strasbourg-est-la","status":"publish","type":"post","link":"https:\/\/www.usdivonne.com\/index.php\/2022\/07\/04\/strasbourg-est-la\/","title":{"rendered":"STRASBOURG est l\u00e0 !"},"content":{"rendered":"<p>&nbsp;<\/p>\n<p><span style=\"color: #0000ff;\"><strong>Comme pr\u00e9vu, le Racing Club de Strasbourg, auteur d&rsquo;une derni\u00e8re saison remarquable, commence son stage de pr\u00e9paration sur nos installations ce lundi matin. En principe, deux s\u00e9ances quotidiennes sont pr\u00e9vues, une le matin et l&rsquo;autre en fin de journ\u00e9e, ouvertes \u00e0 tous, jusqu&rsquo;au 13 juillet.<\/strong><\/span><\/p>\n<figure id=\"attachment_5292\" aria-describedby=\"caption-attachment-5292\" style=\"width: 500px\" class=\"wp-caption aligncenter\"><img loading=\"lazy\" decoding=\"async\" class=\" wp-image-5292\" src=\"https:\/\/www.usdivonne.com\/wp-content\/uploads\/2022\/07\/IMG_20220704_104350837-225x300.jpg\" alt=\"\" width=\"500\" height=\"667\" srcset=\"https:\/\/www.usdivonne.com\/wp-content\/uploads\/2022\/07\/IMG_20220704_104350837-225x300.jpg 225w, https:\/\/www.usdivonne.com\/wp-content\/uploads\/2022\/07\/IMG_20220704_104350837-768x1024.jpg 768w, https:\/\/www.usdivonne.com\/wp-content\/uploads\/2022\/07\/IMG_20220704_104350837-1152x1536.jpg 1152w, https:\/\/www.usdivonne.com\/wp-content\/uploads\/2022\/07\/IMG_20220704_104350837-1536x2048.jpg 1536w, https:\/\/www.usdivonne.com\/wp-content\/uploads\/2022\/07\/IMG_20220704_104350837-360x480.jpg 360w, https:\/\/www.usdivonne.com\/wp-content\/uploads\/2022\/07\/IMG_20220704_104350837-scaled.jpg 1920w\" sizes=\"auto, (max-width: 500px) 100vw, 500px\" \/><figcaption id=\"caption-attachment-5292\" class=\"wp-caption-text\">Exif_JPEG_420<\/figcaption><\/figure>\n<figure id=\"attachment_5290\" aria-describedby=\"caption-attachment-5290\" style=\"width: 500px\" class=\"wp-caption aligncenter\"><img loading=\"lazy\" decoding=\"async\" class=\" wp-image-5290\" src=\"https:\/\/www.usdivonne.com\/wp-content\/uploads\/2022\/07\/IMG_20220704_103424830-225x300.jpg\" alt=\"\" width=\"500\" height=\"667\" srcset=\"https:\/\/www.usdivonne.com\/wp-content\/uploads\/2022\/07\/IMG_20220704_103424830-225x300.jpg 225w, https:\/\/www.usdivonne.com\/wp-content\/uploads\/2022\/07\/IMG_20220704_103424830-768x1024.jpg 768w, https:\/\/www.usdivonne.com\/wp-content\/uploads\/2022\/07\/IMG_20220704_103424830-1152x1536.jpg 1152w, https:\/\/www.usdivonne.com\/wp-content\/uploads\/2022\/07\/IMG_20220704_103424830-1536x2048.jpg 1536w, https:\/\/www.usdivonne.com\/wp-content\/uploads\/2022\/07\/IMG_20220704_103424830-360x480.jpg 360w, https:\/\/www.usdivonne.com\/wp-content\/uploads\/2022\/07\/IMG_20220704_103424830-scaled.jpg 1920w\" sizes=\"auto, (max-width: 500px) 100vw, 500px\" \/><figcaption id=\"caption-attachment-5290\" class=\"wp-caption-text\">Exif_JPEG_420<\/figcaption><\/figure>\n<figure id=\"attachment_5291\" aria-describedby=\"caption-attachment-5291\" style=\"width: 501px\" class=\"wp-caption aligncenter\"><img loading=\"lazy\" decoding=\"async\" class=\" wp-image-5291\" src=\"https:\/\/www.usdivonne.com\/wp-content\/uploads\/2022\/07\/IMG_20220704_103500262-225x300.jpg\" alt=\"\" width=\"501\" height=\"668\" srcset=\"https:\/\/www.usdivonne.com\/wp-content\/uploads\/2022\/07\/IMG_20220704_103500262-225x300.jpg 225w, https:\/\/www.usdivonne.com\/wp-content\/uploads\/2022\/07\/IMG_20220704_103500262-768x1024.jpg 768w, https:\/\/www.usdivonne.com\/wp-content\/uploads\/2022\/07\/IMG_20220704_103500262-1152x1536.jpg 1152w, https:\/\/www.usdivonne.com\/wp-content\/uploads\/2022\/07\/IMG_20220704_103500262-1536x2048.jpg 1536w, https:\/\/www.usdivonne.com\/wp-content\/uploads\/2022\/07\/IMG_20220704_103500262-360x480.jpg 360w, https:\/\/www.usdivonne.com\/wp-content\/uploads\/2022\/07\/IMG_20220704_103500262-scaled.jpg 1920w\" sizes=\"auto, (max-width: 501px) 100vw, 501px\" \/><figcaption id=\"caption-attachment-5291\" class=\"wp-caption-text\">Exif_JPEG_420<\/figcaption><\/figure>\n<p>&nbsp;<\/p>\n","protected":false},"excerpt":{"rendered":"<p>&nbsp; Comme pr\u00e9vu, le Racing Club de Strasbourg, auteur d&rsquo;une derni\u00e8re saison remarquable, commence son stage de pr\u00e9paration sur nos installations ce lundi matin. En principe, deux s\u00e9ances quotidiennes sont pr\u00e9vues, une le matin et l&rsquo;autre en fin de journ\u00e9e, ouvertes \u00e0 tous, jusqu&rsquo;au 13 juillet. &nbsp;<\/p>\n","protected":false},"author":16,"featured_media":0,"comment_status":"open","ping_status":"open","sticky":true,"template":"","format":"standard","meta":{"footnotes":""},"categories":[65],"tags":[],"class_list":["post-5294","post","type-post","status-publish","format-standard","hentry","category-actualites"],"_links":{"self":[{"href":"https:\/\/www.usdivonne.com\/index.php\/wp-json\/wp\/v2\/posts\/5294","targetHints":{"allow":["GET"]}}],"collection":[{"href":"https:\/\/www.usdivonne.com\/index.php\/wp-json\/wp\/v2\/posts"}],"about":[{"href":"https:\/\/www.usdivonne.com\/index.php\/wp-json\/wp\/v2\/types\/post"}],"author":[{"embeddable":true,"href":"https:\/\/www.usdivonne.com\/index.php\/wp-json\/wp\/v2\/users\/16"}],"replies":[{"embeddable":true,"href":"https:\/\/www.usdivonne.com\/index.php\/wp-json\/wp\/v2\/comments?post=5294"}],"version-history":[{"count":2,"href":"https:\/\/www.usdivonne.com\/index.php\/wp-json\/wp\/v2\/posts\/5294\/revisions"}],"predecessor-version":[{"id":5299,"href":"https:\/\/www.usdivonne.com\/index.php\/wp-json\/wp\/v2\/posts\/5294\/revisions\/5299"}],"wp:attachment":[{"href":"https:\/\/www.usdivonne.com\/index.php\/wp-json\/wp\/v2\/media?parent=5294"}],"wp:term":[{"taxonomy":"category","embeddable":true,"href":"https:\/\/www.usdivonne.com\/index.php\/wp-json\/wp\/v2\/categories?post=5294"},{"taxonomy":"post_tag","embeddable":true,"href":"https:\/\/www.usdivonne.com\/index.php\/wp-json\/wp\/v2\/tags?post=5294"}],"curies":[{"name":"wp","href":"https:\/\/api.w.org\/{rel}","templated":true}]}}