{"id":6011,"date":"2023-05-25T15:58:34","date_gmt":"2023-05-25T13:58:34","guid":{"rendered":"https:\/\/www.usdivonne.com\/?p=6011"},"modified":"2023-05-26T12:02:03","modified_gmt":"2023-05-26T10:02:03","slug":"le-week-end-de-pentecote","status":"publish","type":"post","link":"https:\/\/www.usdivonne.com\/index.php\/2023\/05\/25\/le-week-end-de-pentecote\/","title":{"rendered":"Le week-end de Pentec\u00f4te"},"content":{"rendered":"<p>&nbsp;<\/p>\n<p><strong><span style=\"color: #0000ff;\">Pas de match S\u00e9niors, U15, ni pour les U9-1\/2\/3.<\/span><\/strong><\/p>\n<p><strong><span style=\"color: #0000ff;\"><span style=\"text-decoration: underline;\">Samedi 27 mai<\/span> :<\/span><\/strong><\/p>\n<p><strong><span style=\"color: #0000ff;\">Plateaux \u00e0 10 heures :<\/span><\/strong><\/p>\n<p><strong><span style=\"color: #0000ff;\">U7-1\/2\/3\/4\/5 : \u00e0 Divonne<\/span><\/strong><\/p>\n<p><strong><span style=\"color: #0000ff;\">U9-4\/5\/6\/7 : \u00e0 Sauverny<\/span><\/strong><\/p>\n<p><strong><span style=\"color: #0000ff;\">U11-1 : \u00e0 Villaz<\/span><\/strong><\/p>\n<p><span style=\"color: #0000ff;\"><strong>U11-2 : \u00e0 Divonne<\/strong><\/span><\/p>\n<p><span style=\"color: #0000ff;\"><strong>U11-3 : \u00e0 Sud Gessien 2<\/strong><\/span><\/p>\n<p><span style=\"color: #0000ff;\"><strong>U11-4 : \u00e0 Pays-de-Gex 9 (\u00e0 Ferney)<\/strong><\/span><\/p>\n<p><span style=\"color: #0000ff;\"><strong>Matchs \u00e0 14 heures :<\/strong><\/span><\/p>\n<p><span style=\"color: #0000ff;\"><strong>U13-2 : Union Sal\u00e8ve 4<\/strong><\/span><\/p>\n<p><span style=\"color: #0000ff;\"><strong>U13-3 : \u00e0 Pays-de-Gex 7<\/strong><\/span><\/p>\n<p><span style=\"color: #0000ff;\"><strong>U13-4 : \u00e0 Pays-de-Gex 10<\/strong><\/span><\/p>\n<p><span style=\"color: #0000ff;\"><strong><span style=\"text-decoration: underline;\">Mercredi 31 mai \u00e0 16 h<\/span> :<\/strong><\/span><\/p>\n<p><span style=\"color: #0000ff;\"><strong>U13-1 &#8211; SALLANCHES<\/strong><\/span><\/p>\n<p>&nbsp;<\/p>\n","protected":false},"excerpt":{"rendered":"<p>&nbsp; Pas de match S\u00e9niors, U15, ni pour les U9-1\/2\/3. Samedi 27 mai : Plateaux \u00e0 10 heures : U7-1\/2\/3\/4\/5 : \u00e0 Divonne U9-4\/5\/6\/7 : \u00e0 Sauverny U11-1 : \u00e0 Villaz U11-2 : \u00e0 Divonne U11-3 : \u00e0 Sud Gessien 2 U11-4 : \u00e0 Pays-de-Gex 9 (\u00e0 Ferney) Matchs \u00e0 14 heures : U13-2 : [&hellip;]<\/p>\n","protected":false},"author":16,"featured_media":0,"comment_status":"open","ping_status":"open","sticky":true,"template":"","format":"standard","meta":{"footnotes":""},"categories":[65],"tags":[],"class_list":["post-6011","post","type-post","status-publish","format-standard","hentry","category-actualites"],"_links":{"self":[{"href":"https:\/\/www.usdivonne.com\/index.php\/wp-json\/wp\/v2\/posts\/6011","targetHints":{"allow":["GET"]}}],"collection":[{"href":"https:\/\/www.usdivonne.com\/index.php\/wp-json\/wp\/v2\/posts"}],"about":[{"href":"https:\/\/www.usdivonne.com\/index.php\/wp-json\/wp\/v2\/types\/post"}],"author":[{"embeddable":true,"href":"https:\/\/www.usdivonne.com\/index.php\/wp-json\/wp\/v2\/users\/16"}],"replies":[{"embeddable":true,"href":"https:\/\/www.usdivonne.com\/index.php\/wp-json\/wp\/v2\/comments?post=6011"}],"version-history":[{"count":4,"href":"https:\/\/www.usdivonne.com\/index.php\/wp-json\/wp\/v2\/posts\/6011\/revisions"}],"predecessor-version":[{"id":6015,"href":"https:\/\/www.usdivonne.com\/index.php\/wp-json\/wp\/v2\/posts\/6011\/revisions\/6015"}],"wp:attachment":[{"href":"https:\/\/www.usdivonne.com\/index.php\/wp-json\/wp\/v2\/media?parent=6011"}],"wp:term":[{"taxonomy":"category","embeddable":true,"href":"https:\/\/www.usdivonne.com\/index.php\/wp-json\/wp\/v2\/categories?post=6011"},{"taxonomy":"post_tag","embeddable":true,"href":"https:\/\/www.usdivonne.com\/index.php\/wp-json\/wp\/v2\/tags?post=6011"}],"curies":[{"name":"wp","href":"https:\/\/api.w.org\/{rel}","templated":true}]}}