{"id":6024,"date":"2023-05-30T13:16:53","date_gmt":"2023-05-30T11:16:53","guid":{"rendered":"https:\/\/www.usdivonne.com\/?p=6024"},"modified":"2023-05-30T13:28:01","modified_gmt":"2023-05-30T11:28:01","slug":"etat-du-projet-humanitaire-au-senegal","status":"publish","type":"post","link":"https:\/\/www.usdivonne.com\/index.php\/2023\/05\/30\/etat-du-projet-humanitaire-au-senegal\/","title":{"rendered":"ETAT DU PROJET HUMANITAIRE AU SENEGAL"},"content":{"rendered":"<p>&nbsp;<\/p>\n<p><strong>A deux mois du d\u00e9part pour Dakar, il est utile de faire le point sur l\u2019\u00e9volution du projet humanitaire de l\u2019USD au S\u00e9n\u00e9gal que le Comit\u00e9 Directeur du Club avait imm\u00e9diatement soutenu.<\/strong><\/p>\n<p><strong>Initi\u00e9 par nos \u00e9ducateurs Saliou NGOM et Modou DIOP, encadr\u00e9s par un groupe de parents de joueurs U13 et sous le parrainage de Lamine GASSAMA, joueur professionnel du Stade Lausanne Ouchy, 49 fois international s\u00e9n\u00e9galais, le projet de cette action humanitaire au S\u00e9n\u00e9gal a rencontr\u00e9 un grand succ\u00e8s, tant au sein du club, qu\u2019aupr\u00e8s des autorit\u00e9s communales et du public. Afin de r\u00e9colter un maximum de fonds, plusieurs actions caritatives ont \u00e9t\u00e9 entreprises\u00a0: vente de fondues, de g\u00e2teaux sur les march\u00e9s, lors des tournois du club, ensachage en supermarch\u00e9, vente de calendriers de l\u2019USD, soir\u00e9e dansante-raclette \u2026., avec une franche r\u00e9ussite. <\/strong><\/p>\n<p><strong>Merci \u00e0 tous pour votre soutien.<\/strong><\/p>\n<p><img loading=\"lazy\" decoding=\"async\" class=\"alignnone size-medium wp-image-6017 aligncenter\" src=\"https:\/\/www.usdivonne.com\/wp-content\/uploads\/2023\/05\/image00-300x140.jpeg\" alt=\"\" width=\"300\" height=\"140\" srcset=\"https:\/\/www.usdivonne.com\/wp-content\/uploads\/2023\/05\/image00-300x140.jpeg 300w, https:\/\/www.usdivonne.com\/wp-content\/uploads\/2023\/05\/image00-768x358.jpeg 768w, https:\/\/www.usdivonne.com\/wp-content\/uploads\/2023\/05\/image00-640x299.jpeg 640w, https:\/\/www.usdivonne.com\/wp-content\/uploads\/2023\/05\/image00.jpeg 1018w\" sizes=\"auto, (max-width: 300px) 100vw, 300px\" \/><\/p>\n<p><img loading=\"lazy\" decoding=\"async\" class=\"alignnone size-medium wp-image-6018 aligncenter\" src=\"https:\/\/www.usdivonne.com\/wp-content\/uploads\/2023\/05\/image0-196x300.jpg\" alt=\"\" width=\"196\" height=\"300\" srcset=\"https:\/\/www.usdivonne.com\/wp-content\/uploads\/2023\/05\/image0-196x300.jpg 196w, https:\/\/www.usdivonne.com\/wp-content\/uploads\/2023\/05\/image0.jpg 310w\" sizes=\"auto, (max-width: 196px) 100vw, 196px\" \/><\/p>\n<p style=\"text-align: center;\"><strong>Une partie du groupe des organisateurs avec Lamine Gassama et Saliou en ambassadeur du projet<\/strong><\/p>\n<p><strong>\u00a0<\/strong><strong>\u00a0<\/strong><\/p>\n<p><strong>Les billets d\u2019avion, \u00e0 la charge de chaque famille participante, ont \u00e9t\u00e9 achet\u00e9s, l\u2019h\u00e9bergement est r\u00e9serv\u00e9 et le planning du voyage, concentr\u00e9 sur les villes de Tivaouanne, Koungel et Touba, \u00e0 proximit\u00e9 de Dakar, est connu :<\/strong><\/p>\n<p style=\"text-align: left;\"><strong>Lundi 24 juillet : voyage (7 heures) d\u00e9part de Gen\u00e8ve via Lisbonne puis Dakar<\/strong><\/p>\n<p style=\"text-align: left;\"><strong>Mardi 25 juillet : visite de l\u2019\u00eele de Gor\u00e9e, class\u00e9e au patrimoine mondial de l\u2019Unesco, symbole de l\u2019exploitation humaine et de l\u2019esclavage<\/strong><\/p>\n<p style=\"text-align: left;\"><strong>Mercredi 25 juillet\u00a0: Achats humanitaires pour Tivaouane, visite du Monument de la Renaissance Africaine, rendez-vous avec Monsieur le Maire, plateaux foot sur le sable.<\/strong><\/p>\n<p style=\"text-align: left;\"><strong>Jeudi 28 juillet : journ\u00e9e humanitaire \u00e0 Tivaouane<\/strong><\/p>\n<p style=\"text-align: left;\"><strong>Vendredi 28 juillet : journ\u00e9e libre avec entra\u00eenement le soir<\/strong><\/p>\n<p style=\"text-align: left;\"><strong>Samedi 29 juillet\u00a0: Tournoi International avec distribution de mat\u00e9riel aux \u00e9coles de football (op\u00e9ration sponsoris\u00e9e par Ochsner-Dosenbach)<\/strong><\/p>\n<p style=\"text-align: left;\"><strong>Dimanche 30 juillet : Visite de l\u2019\u00eele de Ngor puis combat de lutte d\u00e8s 16 heures<\/strong><\/p>\n<p style=\"text-align: left;\"><strong>Lundi 31 juillet : journ\u00e9e humanitaire<\/strong><\/p>\n<p style=\"text-align: left;\"><strong>Mardi 1<sup>er<\/sup> ao\u00fbt\u00a0: Accro-baobab le matin, puis visite du Lac Rose, lagune c\u00f4ti\u00e8re ferm\u00e9e sal\u00e9e \u00e0 la couleur due \u00e0 une algue microscopique<\/strong><\/p>\n<p style=\"text-align: left;\"><strong>Mercredi 2 ao\u00fbt : Tournoi International \u00e0 Guediawaye<\/strong><\/p>\n<p><img loading=\"lazy\" decoding=\"async\" class=\"alignnone size-medium wp-image-6021 aligncenter\" src=\"https:\/\/www.usdivonne.com\/wp-content\/uploads\/2023\/05\/image3-214x300.jpg\" alt=\"\" width=\"214\" height=\"300\" srcset=\"https:\/\/www.usdivonne.com\/wp-content\/uploads\/2023\/05\/image3-214x300.jpg 214w, https:\/\/www.usdivonne.com\/wp-content\/uploads\/2023\/05\/image3-731x1024.jpg 731w, https:\/\/www.usdivonne.com\/wp-content\/uploads\/2023\/05\/image3-768x1076.jpg 768w, https:\/\/www.usdivonne.com\/wp-content\/uploads\/2023\/05\/image3-343x480.jpg 343w, https:\/\/www.usdivonne.com\/wp-content\/uploads\/2023\/05\/image3.jpg 1018w\" sizes=\"auto, (max-width: 214px) 100vw, 214px\" \/><\/p>\n<p style=\"text-align: left;\"><strong>Jeudi 3 ao\u00fbt\u00a0: visite de la r\u00e9serve de Bandia<\/strong><\/p>\n<p style=\"text-align: left;\"><strong>Vendredi 4 ao\u00fbt : voyage retour<\/strong><\/p>\n<p><strong>\u00a0<\/strong><\/p>\n<p><strong>Lors des journ\u00e9es humanitaires, plusieurs actions sont pr\u00e9vues, telles que distribution de mat\u00e9riel m\u00e9dical, scolaire et sportif (ballons, tenues, mat\u00e9riel d\u2019entra\u00eenement), distribution de denr\u00e9es alimentaires (riz, oignons, huile\u2026\u2026), inauguration de puits et de b\u00e2timents, \u2026<\/strong><\/p>\n<p><strong>L<\/strong><strong>a r\u00e9novation du toit et de la fa\u00e7ade d\u2019un internat a \u00e9t\u00e9 r\u00e9alis\u00e9e gr\u00e2ce \u00e0 l\u2019aide du projet, pour un co\u00fbt de 1&rsquo;900 euros, et un puits a d\u00e9j\u00e0 \u00e9t\u00e9 construit gr\u00e2ce au don g\u00e9n\u00e9reux et cons\u00e9quent de Monsieur K. Marabet, dont les deux enfants, Haris et Ilan, sont licenci\u00e9s \u00e0 l\u2019USD en U8 et U13, en m\u00e9moire de son fr\u00e8re Samir.<\/strong><\/p>\n<p><img loading=\"lazy\" decoding=\"async\" class=\"alignnone size-medium wp-image-6019 aligncenter\" src=\"https:\/\/www.usdivonne.com\/wp-content\/uploads\/2023\/05\/image1-300x166.jpg\" alt=\"\" width=\"300\" height=\"166\" srcset=\"https:\/\/www.usdivonne.com\/wp-content\/uploads\/2023\/05\/image1-300x166.jpg 300w, https:\/\/www.usdivonne.com\/wp-content\/uploads\/2023\/05\/image1-768x425.jpg 768w, https:\/\/www.usdivonne.com\/wp-content\/uploads\/2023\/05\/image1-640x354.jpg 640w, https:\/\/www.usdivonne.com\/wp-content\/uploads\/2023\/05\/image1.jpg 858w\" sizes=\"auto, (max-width: 300px) 100vw, 300px\" \/><\/p>\n<p><strong>\u00a0<\/strong><\/p>\n<p style=\"text-align: center;\"><strong>Vue de l\u2019acc\u00e8s au puits qui sera inaugur\u00e9 en pr\u00e9sence du groupe USD<\/strong><\/p>\n<p><strong>\u00a0<\/strong><\/p>\n<p><strong>Tous les participants emm\u00e8neront dans leurs bagages des m\u00e9dicaments et du mat\u00e9riel scolaire, le reste sera achet\u00e9 sur place, pour des distributions lors des journ\u00e9es humanitaires. <\/strong><\/p>\n<p><strong>\u00a0<\/strong><\/p>\n<p><strong>Quel beau programme\u00a0et quels souvenirs en perspective pour tous\u00a0!<\/strong><\/p>\n<p><strong>\u00a0<\/strong><\/p>\n<p><strong>L\u2019USD est fi\u00e8re de cette initiative et remercie la Municipalit\u00e9 de Divonne qui a octroy\u00e9 une subvention exceptionnelle de 5&rsquo;000 euros pour le projet, la famille de Monsieur K. Marabet, le groupe d\u2019organisateurs, le magasin Ochsner-Dosenbach ainsi que PUMA et ADIDAS, et tous ceux qui ont particip\u00e9 par leurs dons ou achats divers. <\/strong><\/p>\n<p><strong>Ce projet sera certainement inoubliable pour tous les participants\u00a0!<\/strong><\/p>\n<p><strong>\u00a0<\/strong><\/p>\n<p>&nbsp;<\/p>\n","protected":false},"excerpt":{"rendered":"<p>&nbsp; A deux mois du d\u00e9part pour Dakar, il est utile de faire le point sur l\u2019\u00e9volution du projet humanitaire de l\u2019USD au S\u00e9n\u00e9gal que le Comit\u00e9 Directeur du Club avait imm\u00e9diatement soutenu. Initi\u00e9 par nos \u00e9ducateurs Saliou NGOM et Modou DIOP, encadr\u00e9s par un groupe de parents de joueurs U13 et sous le parrainage [&hellip;]<\/p>\n","protected":false},"author":16,"featured_media":0,"comment_status":"open","ping_status":"open","sticky":true,"template":"","format":"standard","meta":{"footnotes":""},"categories":[65],"tags":[],"class_list":["post-6024","post","type-post","status-publish","format-standard","hentry","category-actualites"],"_links":{"self":[{"href":"https:\/\/www.usdivonne.com\/index.php\/wp-json\/wp\/v2\/posts\/6024","targetHints":{"allow":["GET"]}}],"collection":[{"href":"https:\/\/www.usdivonne.com\/index.php\/wp-json\/wp\/v2\/posts"}],"about":[{"href":"https:\/\/www.usdivonne.com\/index.php\/wp-json\/wp\/v2\/types\/post"}],"author":[{"embeddable":true,"href":"https:\/\/www.usdivonne.com\/index.php\/wp-json\/wp\/v2\/users\/16"}],"replies":[{"embeddable":true,"href":"https:\/\/www.usdivonne.com\/index.php\/wp-json\/wp\/v2\/comments?post=6024"}],"version-history":[{"count":3,"href":"https:\/\/www.usdivonne.com\/index.php\/wp-json\/wp\/v2\/posts\/6024\/revisions"}],"predecessor-version":[{"id":6028,"href":"https:\/\/www.usdivonne.com\/index.php\/wp-json\/wp\/v2\/posts\/6024\/revisions\/6028"}],"wp:attachment":[{"href":"https:\/\/www.usdivonne.com\/index.php\/wp-json\/wp\/v2\/media?parent=6024"}],"wp:term":[{"taxonomy":"category","embeddable":true,"href":"https:\/\/www.usdivonne.com\/index.php\/wp-json\/wp\/v2\/categories?post=6024"},{"taxonomy":"post_tag","embeddable":true,"href":"https:\/\/www.usdivonne.com\/index.php\/wp-json\/wp\/v2\/tags?post=6024"}],"curies":[{"name":"wp","href":"https:\/\/api.w.org\/{rel}","templated":true}]}}