{"id":6209,"date":"2023-08-13T08:51:45","date_gmt":"2023-08-13T06:51:45","guid":{"rendered":"https:\/\/www.usdivonne.com\/?p=6209"},"modified":"2023-08-13T12:08:08","modified_gmt":"2023-08-13T10:08:08","slug":"la-reprise-a-lusd","status":"publish","type":"post","link":"https:\/\/www.usdivonne.com\/index.php\/2023\/08\/13\/la-reprise-a-lusd\/","title":{"rendered":"Le d\u00e9but de saison de l&rsquo;USD"},"content":{"rendered":"<p>&nbsp;<\/p>\n<p><span style=\"color: #0000ff;\"><strong>Alors que les vacances battent encore leur plein et que les stages et matchs amicaux des \u00e9quipes professionnelles ayant choisi notre ville pour se pr\u00e9parer se terminent, nos S\u00e9niors ont repris le chemin du stade, sous la houlette de Jean-Claude DUFFOUR pour l&rsquo;\u00e9quipe 1 et Christophe VAUTHIER pour la 2, afin d&rsquo;\u00eatre fin pr\u00eats pour la reprise des comp\u00e9titions du 3 septembre, avec, respectivement, le 2\u00e8me tour de la Coupe de France et le 1er tour de la Coupe du District. Bien s\u00fbr, tous les joueurs ne sont pas l\u00e0, vacances obligent, mais petit \u00e0 petit les effectifs gonflent. Le groupe a d\u00e9j\u00e0 fait deux matchs amicaux, 1 d\u00e9faite \u00e0 Meyrin pour le 1er match avec une \u00e9quipe mitig\u00e9e et une victoire plus probante, vendredi soir, contre Annemasse, 4 \u00e0 1, avec une formation un peu plus compl\u00e8te, m\u00eame s&rsquo;il manque encore des titulaires. Mais la saison d\u00e9marre au mieux pour les S\u00e9niors. Quant aux \u00e9quipes de jeunes, elles reprennent petit \u00e0 petit, leurs championnats d\u00e9butant mi-septembre.\u00a0<\/strong><\/span><\/p>\n<p><span style=\"color: #0000ff;\"><strong>En ce qui concerne les animations d&rsquo;avant-saison officielle, nous aurons encore une semaine de stage pour les enfants du 21 au 25 ao\u00fbt prochains, (documents sous l&rsquo;onglet \u00ab\u00a0stages\u00a0\u00bb du site), ainsi que 5 jours de stage d&rsquo;entra\u00eenement pour l&rsquo;\u00e9quipe de l&rsquo;Olympique LYONNAIS F\u00e9minines, \u00e0 partir du 4 septembre 2023, avec le retour des 13 internationales, dont 6 fran\u00e7aises, qui ont particip\u00e9 \u00e0 la Coupe du Monde, avant la reprise du Troph\u00e9e des Champions le 10 septembre et du Championnat D1 F\u00e9minines le 17 septembre, sans oublier la participation du Club au Forum des Associations du dimanche 3 septembre prochain.<\/strong><\/span><\/p>\n<p><span style=\"color: #0000ff;\"><strong>\u00a0<\/strong><\/span><\/p>\n<p>&nbsp;<\/p>\n<p>&nbsp;<\/p>\n","protected":false},"excerpt":{"rendered":"<p>&nbsp; Alors que les vacances battent encore leur plein et que les stages et matchs amicaux des \u00e9quipes professionnelles ayant choisi notre ville pour se pr\u00e9parer se terminent, nos S\u00e9niors ont repris le chemin du stade, sous la houlette de Jean-Claude DUFFOUR pour l&rsquo;\u00e9quipe 1 et Christophe VAUTHIER pour la 2, afin d&rsquo;\u00eatre fin pr\u00eats [&hellip;]<\/p>\n","protected":false},"author":16,"featured_media":0,"comment_status":"open","ping_status":"open","sticky":true,"template":"","format":"standard","meta":{"footnotes":""},"categories":[65],"tags":[],"class_list":["post-6209","post","type-post","status-publish","format-standard","hentry","category-actualites"],"_links":{"self":[{"href":"https:\/\/www.usdivonne.com\/index.php\/wp-json\/wp\/v2\/posts\/6209","targetHints":{"allow":["GET"]}}],"collection":[{"href":"https:\/\/www.usdivonne.com\/index.php\/wp-json\/wp\/v2\/posts"}],"about":[{"href":"https:\/\/www.usdivonne.com\/index.php\/wp-json\/wp\/v2\/types\/post"}],"author":[{"embeddable":true,"href":"https:\/\/www.usdivonne.com\/index.php\/wp-json\/wp\/v2\/users\/16"}],"replies":[{"embeddable":true,"href":"https:\/\/www.usdivonne.com\/index.php\/wp-json\/wp\/v2\/comments?post=6209"}],"version-history":[{"count":6,"href":"https:\/\/www.usdivonne.com\/index.php\/wp-json\/wp\/v2\/posts\/6209\/revisions"}],"predecessor-version":[{"id":6215,"href":"https:\/\/www.usdivonne.com\/index.php\/wp-json\/wp\/v2\/posts\/6209\/revisions\/6215"}],"wp:attachment":[{"href":"https:\/\/www.usdivonne.com\/index.php\/wp-json\/wp\/v2\/media?parent=6209"}],"wp:term":[{"taxonomy":"category","embeddable":true,"href":"https:\/\/www.usdivonne.com\/index.php\/wp-json\/wp\/v2\/categories?post=6209"},{"taxonomy":"post_tag","embeddable":true,"href":"https:\/\/www.usdivonne.com\/index.php\/wp-json\/wp\/v2\/tags?post=6209"}],"curies":[{"name":"wp","href":"https:\/\/api.w.org\/{rel}","templated":true}]}}