{"id":6836,"date":"2025-03-20T11:00:16","date_gmt":"2025-03-20T10:00:16","guid":{"rendered":"https:\/\/www.usdivonne.com\/?p=6836"},"modified":"2025-03-23T07:54:53","modified_gmt":"2025-03-23T06:54:53","slug":"triste-nouvelle-9","status":"publish","type":"post","link":"https:\/\/www.usdivonne.com\/index.php\/2025\/03\/20\/triste-nouvelle-9\/","title":{"rendered":"Triste nouvelle"},"content":{"rendered":"<p>&nbsp;<\/p>\n<p><strong>Le Comit\u00e9 Directeur de l&rsquo;USD a le regret de faire part du d\u00e9c\u00e8s de son ami Philippe VALLEE, dans sa 53\u00e8me ann\u00e9e, \u00e0 la suite d&rsquo;une maladie fulgurante. Membre du Comit\u00e9 pendant plusieurs ann\u00e9es, mais toujours b\u00e9n\u00e9vole du Club, Philippe, incarnation m\u00eame de la\u00a0 gentillesse et du d\u00e9vouement, ne laissera que des regrets au sein de l&rsquo;USD.\u00a0\u00a0<\/strong><\/p>\n<p><strong>Le Comit\u00e9 Directeur ainsi que l&rsquo;ensemble des membres de l&rsquo;USD pr\u00e9sentent \u00e0 toute les membres de la famille de Philippe leurs sinc\u00e8res condol\u00e9ances, et les assurent de leur soutien et leur amiti\u00e9 dans ces moments douloureux.<\/strong><\/p>\n<p><strong>La c\u00e9r\u00e9monie religieuse aura lieu vendredi 28 mars \u00e0 10 heures en l&rsquo;Eglise de Divonne, suivie de la cr\u00e9mation \u00e0 Bonneville, \u00e0 14h30.<\/strong><\/p>\n<p>&nbsp;<\/p>\n<p style=\"text-align: center;\"><img loading=\"lazy\" decoding=\"async\" class=\"alignnone wp-image-6840\" src=\"https:\/\/www.usdivonne.com\/wp-content\/uploads\/2025\/03\/IMG-20250320-WA0002-e1742488351553-300x174.jpg\" alt=\"\" width=\"492\" height=\"286\" srcset=\"https:\/\/www.usdivonne.com\/wp-content\/uploads\/2025\/03\/IMG-20250320-WA0002-e1742488351553-300x174.jpg 300w, https:\/\/www.usdivonne.com\/wp-content\/uploads\/2025\/03\/IMG-20250320-WA0002-e1742488351553-768x445.jpg 768w, https:\/\/www.usdivonne.com\/wp-content\/uploads\/2025\/03\/IMG-20250320-WA0002-e1742488351553-640x371.jpg 640w, https:\/\/www.usdivonne.com\/wp-content\/uploads\/2025\/03\/IMG-20250320-WA0002-e1742488351553.jpg 893w\" sizes=\"auto, (max-width: 492px) 100vw, 492px\" \/><\/p>\n","protected":false},"excerpt":{"rendered":"<p>&nbsp; Le Comit\u00e9 Directeur de l&rsquo;USD a le regret de faire part du d\u00e9c\u00e8s de son ami Philippe VALLEE, dans sa 53\u00e8me ann\u00e9e, \u00e0 la suite d&rsquo;une maladie fulgurante. Membre du Comit\u00e9 pendant plusieurs ann\u00e9es, mais toujours b\u00e9n\u00e9vole du Club, Philippe, incarnation m\u00eame de la\u00a0 gentillesse et du d\u00e9vouement, ne laissera que des regrets au [&hellip;]<\/p>\n","protected":false},"author":16,"featured_media":0,"comment_status":"open","ping_status":"open","sticky":true,"template":"","format":"standard","meta":{"footnotes":""},"categories":[65],"tags":[],"class_list":["post-6836","post","type-post","status-publish","format-standard","hentry","category-actualites"],"_links":{"self":[{"href":"https:\/\/www.usdivonne.com\/index.php\/wp-json\/wp\/v2\/posts\/6836","targetHints":{"allow":["GET"]}}],"collection":[{"href":"https:\/\/www.usdivonne.com\/index.php\/wp-json\/wp\/v2\/posts"}],"about":[{"href":"https:\/\/www.usdivonne.com\/index.php\/wp-json\/wp\/v2\/types\/post"}],"author":[{"embeddable":true,"href":"https:\/\/www.usdivonne.com\/index.php\/wp-json\/wp\/v2\/users\/16"}],"replies":[{"embeddable":true,"href":"https:\/\/www.usdivonne.com\/index.php\/wp-json\/wp\/v2\/comments?post=6836"}],"version-history":[{"count":7,"href":"https:\/\/www.usdivonne.com\/index.php\/wp-json\/wp\/v2\/posts\/6836\/revisions"}],"predecessor-version":[{"id":6853,"href":"https:\/\/www.usdivonne.com\/index.php\/wp-json\/wp\/v2\/posts\/6836\/revisions\/6853"}],"wp:attachment":[{"href":"https:\/\/www.usdivonne.com\/index.php\/wp-json\/wp\/v2\/media?parent=6836"}],"wp:term":[{"taxonomy":"category","embeddable":true,"href":"https:\/\/www.usdivonne.com\/index.php\/wp-json\/wp\/v2\/categories?post=6836"},{"taxonomy":"post_tag","embeddable":true,"href":"https:\/\/www.usdivonne.com\/index.php\/wp-json\/wp\/v2\/tags?post=6836"}],"curies":[{"name":"wp","href":"https:\/\/api.w.org\/{rel}","templated":true}]}}