{"id":7072,"date":"2025-06-21T08:46:57","date_gmt":"2025-06-21T06:46:57","guid":{"rendered":"https:\/\/www.usdivonne.com\/?p=7072"},"modified":"2025-06-23T13:43:57","modified_gmt":"2025-06-23T11:43:57","slug":"fete-de-la-musique","status":"publish","type":"post","link":"https:\/\/www.usdivonne.com\/index.php\/2025\/06\/21\/fete-de-la-musique\/","title":{"rendered":"Journ\u00e9e des D\u00e9butants"},"content":{"rendered":"<p>&nbsp;<\/p>\n<p>&nbsp;<\/p>\n<p><img loading=\"lazy\" decoding=\"async\" class=\" wp-image-7092 aligncenter\" src=\"https:\/\/www.usdivonne.com\/wp-content\/uploads\/2025\/06\/2025-06-23_013684-219x300.jpg\" alt=\"\" width=\"603\" height=\"826\" srcset=\"https:\/\/www.usdivonne.com\/wp-content\/uploads\/2025\/06\/2025-06-23_013684-219x300.jpg 219w, https:\/\/www.usdivonne.com\/wp-content\/uploads\/2025\/06\/2025-06-23_013684-747x1024.jpg 747w, https:\/\/www.usdivonne.com\/wp-content\/uploads\/2025\/06\/2025-06-23_013684-768x1053.jpg 768w, https:\/\/www.usdivonne.com\/wp-content\/uploads\/2025\/06\/2025-06-23_013684-1121x1536.jpg 1121w, https:\/\/www.usdivonne.com\/wp-content\/uploads\/2025\/06\/2025-06-23_013684-1494x2048.jpg 1494w, https:\/\/www.usdivonne.com\/wp-content\/uploads\/2025\/06\/2025-06-23_013684-350x480.jpg 350w, https:\/\/www.usdivonne.com\/wp-content\/uploads\/2025\/06\/2025-06-23_013684.jpg 1700w\" sizes=\"auto, (max-width: 603px) 100vw, 603px\" \/><\/p>\n<p><span style=\"color: #0000ff;\"><strong>L&rsquo;Union Sportive Divonnaise a particip\u00e9, comme \u00e0 chaque fin de saison, \u00e0 la Journ\u00e9e Nationale des D\u00e9butants, r\u00e9serv\u00e9e aux jeunes licenci\u00e9s U7\/U6. Elle se tenait cette ann\u00e9e \u00e0 THONON, et nos petits divonnais, encadr\u00e9s par Philippe, Tonton, aid\u00e9s par des parents volontaires, ont d\u00e9fendu avec brio et surtout enthousiasme, les couleurs divonnaises. Bravo \u00e0 tous et merci \u00e0 l&rsquo;AS THONON pour son organisation.<\/strong><\/span><\/p>\n<p><span style=\"color: #0000ff;\"><b>\u00a0<\/b><\/span><\/p>\n","protected":false},"excerpt":{"rendered":"<p>&nbsp; &nbsp; L&rsquo;Union Sportive Divonnaise a particip\u00e9, comme \u00e0 chaque fin de saison, \u00e0 la Journ\u00e9e Nationale des D\u00e9butants, r\u00e9serv\u00e9e aux jeunes licenci\u00e9s U7\/U6. Elle se tenait cette ann\u00e9e \u00e0 THONON, et nos petits divonnais, encadr\u00e9s par Philippe, Tonton, aid\u00e9s par des parents volontaires, ont d\u00e9fendu avec brio et surtout enthousiasme, les couleurs divonnaises. Bravo [&hellip;]<\/p>\n","protected":false},"author":16,"featured_media":0,"comment_status":"open","ping_status":"open","sticky":true,"template":"","format":"standard","meta":{"footnotes":""},"categories":[65],"tags":[],"class_list":["post-7072","post","type-post","status-publish","format-standard","hentry","category-actualites"],"_links":{"self":[{"href":"https:\/\/www.usdivonne.com\/index.php\/wp-json\/wp\/v2\/posts\/7072","targetHints":{"allow":["GET"]}}],"collection":[{"href":"https:\/\/www.usdivonne.com\/index.php\/wp-json\/wp\/v2\/posts"}],"about":[{"href":"https:\/\/www.usdivonne.com\/index.php\/wp-json\/wp\/v2\/types\/post"}],"author":[{"embeddable":true,"href":"https:\/\/www.usdivonne.com\/index.php\/wp-json\/wp\/v2\/users\/16"}],"replies":[{"embeddable":true,"href":"https:\/\/www.usdivonne.com\/index.php\/wp-json\/wp\/v2\/comments?post=7072"}],"version-history":[{"count":6,"href":"https:\/\/www.usdivonne.com\/index.php\/wp-json\/wp\/v2\/posts\/7072\/revisions"}],"predecessor-version":[{"id":7094,"href":"https:\/\/www.usdivonne.com\/index.php\/wp-json\/wp\/v2\/posts\/7072\/revisions\/7094"}],"wp:attachment":[{"href":"https:\/\/www.usdivonne.com\/index.php\/wp-json\/wp\/v2\/media?parent=7072"}],"wp:term":[{"taxonomy":"category","embeddable":true,"href":"https:\/\/www.usdivonne.com\/index.php\/wp-json\/wp\/v2\/categories?post=7072"},{"taxonomy":"post_tag","embeddable":true,"href":"https:\/\/www.usdivonne.com\/index.php\/wp-json\/wp\/v2\/tags?post=7072"}],"curies":[{"name":"wp","href":"https:\/\/api.w.org\/{rel}","templated":true}]}}