{"id":7188,"date":"2025-09-02T11:23:21","date_gmt":"2025-09-02T09:23:21","guid":{"rendered":"https:\/\/www.usdivonne.com\/?p=7188"},"modified":"2025-09-08T08:49:10","modified_gmt":"2025-09-08T06:49:10","slug":"reprise-du-foot-animation","status":"publish","type":"post","link":"https:\/\/www.usdivonne.com\/index.php\/2025\/09\/02\/reprise-du-foot-animation\/","title":{"rendered":"Reprise du FOOT ANIMATION"},"content":{"rendered":"<p><img loading=\"lazy\" decoding=\"async\" class=\" wp-image-7209 aligncenter\" src=\"https:\/\/www.usdivonne.com\/wp-content\/uploads\/2025\/09\/20250907_092711-225x300.jpg\" alt=\"\" width=\"577\" height=\"769\" srcset=\"https:\/\/www.usdivonne.com\/wp-content\/uploads\/2025\/09\/20250907_092711-225x300.jpg 225w, https:\/\/www.usdivonne.com\/wp-content\/uploads\/2025\/09\/20250907_092711-768x1024.jpg 768w, https:\/\/www.usdivonne.com\/wp-content\/uploads\/2025\/09\/20250907_092711-360x480.jpg 360w, https:\/\/www.usdivonne.com\/wp-content\/uploads\/2025\/09\/20250907_092711.jpg 1020w\" sizes=\"auto, (max-width: 577px) 100vw, 577px\" \/><\/p>\n<p><img loading=\"lazy\" decoding=\"async\" class=\" wp-image-7190 aligncenter\" src=\"https:\/\/www.usdivonne.com\/wp-content\/uploads\/2025\/09\/2025-09-02_112032-219x300.jpg\" alt=\"\" width=\"692\" height=\"947\" \/><\/p>\n<p><span style=\"color: #0000ff;\"><strong>Ce mercredi 3 septembre marque la reprise du Foot Animation selon le planning ci-dessus. D\u00e8s 10 h ce sont les plus petits qui sont arriv\u00e9s, 34 au total, tous plus motiv\u00e9s les uns que les autres, devant de nombreux parents int\u00e9ress\u00e9s et attentifs aux conseils et recommandations de Philippe et ses \u00e9ducateurs, Modou, Nour, Maho et Rodrigo. Bonne reprise \u00e0 tous.<\/strong><\/span><\/p>\n<p style=\"text-align: center;\"><img loading=\"lazy\" decoding=\"async\" class=\"wp-image-7198 aligncenter\" src=\"https:\/\/www.usdivonne.com\/wp-content\/uploads\/2025\/09\/20250903_100922-300x225.jpg\" alt=\"\" width=\"469\" height=\"352\" srcset=\"https:\/\/www.usdivonne.com\/wp-content\/uploads\/2025\/09\/20250903_100922-300x225.jpg 300w, https:\/\/www.usdivonne.com\/wp-content\/uploads\/2025\/09\/20250903_100922-768x576.jpg 768w, https:\/\/www.usdivonne.com\/wp-content\/uploads\/2025\/09\/20250903_100922-640x480.jpg 640w, https:\/\/www.usdivonne.com\/wp-content\/uploads\/2025\/09\/20250903_100922.jpg 1020w\" sizes=\"auto, (max-width: 469px) 100vw, 469px\" \/> <img loading=\"lazy\" decoding=\"async\" class=\"wp-image-7197 alignright\" src=\"https:\/\/www.usdivonne.com\/wp-content\/uploads\/2025\/09\/20250903_100841-225x300.jpg\" alt=\"\" width=\"352\" height=\"469\" srcset=\"https:\/\/www.usdivonne.com\/wp-content\/uploads\/2025\/09\/20250903_100841-225x300.jpg 225w, https:\/\/www.usdivonne.com\/wp-content\/uploads\/2025\/09\/20250903_100841-768x1024.jpg 768w, https:\/\/www.usdivonne.com\/wp-content\/uploads\/2025\/09\/20250903_100841-360x480.jpg 360w, https:\/\/www.usdivonne.com\/wp-content\/uploads\/2025\/09\/20250903_100841.jpg 1020w\" sizes=\"auto, (max-width: 352px) 100vw, 352px\" \/> <img loading=\"lazy\" decoding=\"async\" class=\"wp-image-7196 alignleft\" src=\"https:\/\/www.usdivonne.com\/wp-content\/uploads\/2025\/09\/20250903_100838-225x300.jpg\" alt=\"\" width=\"349\" height=\"465\" srcset=\"https:\/\/www.usdivonne.com\/wp-content\/uploads\/2025\/09\/20250903_100838-225x300.jpg 225w, https:\/\/www.usdivonne.com\/wp-content\/uploads\/2025\/09\/20250903_100838-768x1024.jpg 768w, https:\/\/www.usdivonne.com\/wp-content\/uploads\/2025\/09\/20250903_100838-360x480.jpg 360w, https:\/\/www.usdivonne.com\/wp-content\/uploads\/2025\/09\/20250903_100838.jpg 1020w\" sizes=\"auto, (max-width: 349px) 100vw, 349px\" \/><\/p>\n","protected":false},"excerpt":{"rendered":"<p>Ce mercredi 3 septembre marque la reprise du Foot Animation selon le planning ci-dessus. D\u00e8s 10 h ce sont les plus petits qui sont arriv\u00e9s, 34 au total, tous plus motiv\u00e9s les uns que les autres, devant de nombreux parents int\u00e9ress\u00e9s et attentifs aux conseils et recommandations de Philippe et ses \u00e9ducateurs, Modou, Nour, Maho [&hellip;]<\/p>\n","protected":false},"author":16,"featured_media":0,"comment_status":"open","ping_status":"open","sticky":true,"template":"","format":"standard","meta":{"footnotes":""},"categories":[65],"tags":[],"class_list":["post-7188","post","type-post","status-publish","format-standard","hentry","category-actualites"],"_links":{"self":[{"href":"https:\/\/www.usdivonne.com\/index.php\/wp-json\/wp\/v2\/posts\/7188","targetHints":{"allow":["GET"]}}],"collection":[{"href":"https:\/\/www.usdivonne.com\/index.php\/wp-json\/wp\/v2\/posts"}],"about":[{"href":"https:\/\/www.usdivonne.com\/index.php\/wp-json\/wp\/v2\/types\/post"}],"author":[{"embeddable":true,"href":"https:\/\/www.usdivonne.com\/index.php\/wp-json\/wp\/v2\/users\/16"}],"replies":[{"embeddable":true,"href":"https:\/\/www.usdivonne.com\/index.php\/wp-json\/wp\/v2\/comments?post=7188"}],"version-history":[{"count":6,"href":"https:\/\/www.usdivonne.com\/index.php\/wp-json\/wp\/v2\/posts\/7188\/revisions"}],"predecessor-version":[{"id":7211,"href":"https:\/\/www.usdivonne.com\/index.php\/wp-json\/wp\/v2\/posts\/7188\/revisions\/7211"}],"wp:attachment":[{"href":"https:\/\/www.usdivonne.com\/index.php\/wp-json\/wp\/v2\/media?parent=7188"}],"wp:term":[{"taxonomy":"category","embeddable":true,"href":"https:\/\/www.usdivonne.com\/index.php\/wp-json\/wp\/v2\/categories?post=7188"},{"taxonomy":"post_tag","embeddable":true,"href":"https:\/\/www.usdivonne.com\/index.php\/wp-json\/wp\/v2\/tags?post=7188"}],"curies":[{"name":"wp","href":"https:\/\/api.w.org\/{rel}","templated":true}]}}